{"id":2971,"date":"2023-02-27T10:44:04","date_gmt":"2023-02-27T09:44:04","guid":{"rendered":"https:\/\/www.carolin-sommer.com\/?p=2971"},"modified":"2025-09-23T12:10:28","modified_gmt":"2025-09-23T10:10:28","slug":"maerz-energievorschau","status":"publish","type":"post","link":"https:\/\/www.carolin-sommer.com\/?p=2971","title":{"rendered":"M\u00e4rz Energievorschau"},"content":{"rendered":"\n<p>Der M\u00e4rz soll Gleichgewicht bringen. Einen Ausgleich. In dein Leben aber auch ins Kollektiv soll ein Ausgleich kommen. Dieser ist schon lange im Hintergrund (auf unterbewusster Ebene\/ energetischer Ebene im Kollektiv) am laufen. Jetzt im M\u00e4rz sehen wir es manifestiert in unserer Realit\u00e4t. Der Monat bringt gro\u00dfe Ver\u00e4nderungen mit sich und schlie\u00dft etwas Vergangenes ab. Es ist ein Monats des Umbruchs und der Erneuerung. Alles was uns nicht mehr dient, und das auch im kollektiven Sinne, sehen wir diesen Monat um uns davon zu befreien. Ein Wendepunkt f\u00fcr jeden wenn man so will. Verlier also nicht den Boden unter den F\u00fc\u00dfen bei der Ganzen Sache! Es soll eine Ver\u00e4nderung zum guten f\u00fcr dich sein. F\u00fcr uns.\u00a0<\/p>\n\n\n<div class=\"wp-block-image is-style-default\">\n<figure class=\"aligncenter size-large is-resized\"><img loading=\"lazy\" decoding=\"async\" src=\"https:\/\/www.carolin-sommer.com\/wp-content\/uploads\/2023\/02\/1-1024x1024.png\" alt=\"\" class=\"wp-image-2972\" width=\"323\" height=\"323\" srcset=\"https:\/\/www.carolin-sommer.com\/wp-content\/uploads\/2023\/02\/1-1024x1024.png 1024w, https:\/\/www.carolin-sommer.com\/wp-content\/uploads\/2023\/02\/1-300x300.png 300w, https:\/\/www.carolin-sommer.com\/wp-content\/uploads\/2023\/02\/1-150x150.png 150w, https:\/\/www.carolin-sommer.com\/wp-content\/uploads\/2023\/02\/1-768x768.png 768w, https:\/\/www.carolin-sommer.com\/wp-content\/uploads\/2023\/02\/1-75x75.png 75w, https:\/\/www.carolin-sommer.com\/wp-content\/uploads\/2023\/02\/1.png 1080w\" sizes=\"auto, (max-width: 323px) 100vw, 323px\" \/><\/figure>\n<\/div>\n\n\n<!--more-->\n\n\n\n<p>1.-3. M\u00e4rz<\/p>\n\n\n\n<p>In den ersten Tagen \u00f6ffnet sich eine T\u00fcr. Die Frage ist ob du durch gehst. Es ist als w\u00fcrde dir ein Angebot&nbsp; gemacht werden was es in sich hat (es muss sich nicht um ein konkretes Angebot handeln). Es \u00fcberfordert dich vielleicht ein wenig. Es ist pl\u00f6tzlich und schnell. Es w\u00fchlt einiges in dir auf. Die Emotionen laufen sozusagen auf Hochtouren. Es kann sich auch um einen Impuls handeln der sehr stark ist. Wichtig ist hier nur das du eine Entscheidung rein aus dem Gef\u00fchl triffst. Das schwierige wird sein das du eine Entscheidung frei von der Vergangenheit triffst. Nicht nach alten Emotionen (die ja auf Hochtouren laufen) sondern daf\u00fcr was du wirklich m\u00f6chtest. Was dir und deinem (zuk\u00fcnftigem) Leben zugute kommt sollte die Basis f\u00fcr deine Entscheidung sein. Es ist eine T\u00fcr\/M\u00f6glichkeit die sich da auftut wodurch du dich l\u00f6sen und befreien kannst von vergangenem. So oder so, egal was du f\u00fcr dich entscheidest, soll es sich gut anf\u00fchlen. Es soll sich frei anf\u00fchlen, auch wenn das bedeutet das du mit deiner Entscheidung ein Risiko eingehst.&nbsp;<\/p>\n\n\n\n<p>4.-13. M\u00e4rz<\/p>\n\n\n\n<p>In diesem Zeitraum solltest du ganz bei dir sein. Nach dem Gef\u00fchl handeln. Im Prinzip f\u00fchrst du jetzt im kleinen fort was du in den ersten M\u00e4rztagen getan hast. N\u00e4mlich dich immer wieder daf\u00fcr zu entscheiden was dir und deinem Leben zugute kommt. Rein nach deinem Gef\u00fchl zu handeln. Und das, am besten, den ganzen Tag lang mit jeder Kleinigkeit. Es soll sich festigen was du die ersten Tage, sozusagen, schon ge\u00fcbt hast. Gib dich deinem Gef\u00fchl und dort wo es dich hinf\u00fchrt hin. Wenn du das Gef\u00fchl hast du solltest heute mal Person x anrufen. Dann tust du das. Dadurch ergibst du dich dir selbst. Sieh es als eine Art Training. Es geht darum das du lernst Kleinigkeiten wahrzunehmen an dir selbst. Kleine \u201eMiniGef\u00fchle\u201c die dir zeigen wo du bisher gegen deinen Willen gehandelt hast und dadurch im Prinzip dich selbst als Geisel genommen hast und unfrei warst.&nbsp;<\/p>\n\n\n\n<p>14.-23. M\u00e4rz<\/p>\n\n\n\n<p>Steh zu dir und deiner Idee vom Leben. Es ist in diesen Tagen vor allem wichtig das gro\u00dfe ganze nicht aus den Augen zu verlieren. Ich kann es nicht genug betonen wie wichtig es in diesen Tagen ist das du bei dir bleibst und dich nicht von au\u00dfen \u00e4ngstigen oder verleiten l\u00e4sst etwas anderes als deine Idee vom Leben weiter zu verfolgen. Du wei\u00dft ganz genau was richtig f\u00fcr dich ist und was nicht. Du wei\u00dft es einfach. Auch wenn es vielleicht noch eine Weile dauert bis sich dein Gef\u00fchl bewahrheitet in dem Sinne das andere es nicht mehr als verr\u00fcckt abtun. In diesen Tagen l\u00e4sst du die Angst links liegen. Ver\u00e4nderungen die in deinem Leben oder auch im Kollektiv stattfinden nimmst du wahr aber du musst dich nicht davon umhauen lassen oder dir den Boden unter den F\u00fc\u00dfen weg ziehen lassen. Wo etwas altes wegf\u00e4llt ist wieder Platz f\u00fcr etwas neues. Vergiss nicht Ver\u00e4nderung ist die einzige Konstante und muss sein wenn es anders und besser werden soll.&nbsp;<\/p>\n\n\n\n<p>24.-31. M\u00e4rz<\/p>\n\n\n\n<p>Wenn der M\u00e4rz an sich, wie schon das ganze Jahr bisher (das wird \u00fcbrigens bis einschlie\u00dflich Juni so weiter gehen), nicht schon aufregend genug war. In den letzten Tagen ist es wichtig das du offen bleibst. Das kannst du sehr gut weil du dich von nichts in den letzten Wochen von dir ablenken hast lassen oder eben auch nicht in die Angst bist. Sondern bei dir geblieben bist. Hier m\u00f6chte etwas zu dir. Etwas was dir Sicherheit gibt. Und wieder mal wird dir dein Kopf nicht helfen. Er kann dir das nur kaputt denken. Sonst nichts. Also lass ihn da raus. Sieh das positive im negativen. Alles hat etwas gutes in sich. Alles!!! Mach dir diese Sicherheit die sich dir hier bietet nicht selbst kaputt in dem du es zerdenkst. Manchmal sind Dinge auch ganz simple und ben\u00f6tigen keine Erkl\u00e4rung. Es ist was es ist. Nimm es an.&nbsp;<\/p>\n\n\n\n<p><em>Mach das Reading nicht passend wenn es nicht passt. Jeder nimmt die Energien ganz individuell wahr und auf, zum jeweiligen individuell perfekten Zeitpunkt.<\/em><\/p>\n","protected":false},"excerpt":{"rendered":"<p>Der M\u00e4rz soll Gleichgewicht bringen. Einen Ausgleich. In dein Leben aber auch ins Kollektiv soll ein Ausgleich kommen. Dieser ist schon lange im Hintergrund (auf unterbewusster Ebene\/ energetischer Ebene im Kollektiv) am laufen. Jetzt im M\u00e4rz sehen wir es manifestiert in unserer Realit\u00e4t. Der Monat bringt gro\u00dfe Ver\u00e4nderungen mit sich und schlie\u00dft etwas Vergangenes ab. Es ist ein Monats des Umbruchs und der Erneuerung. Alles was uns nicht mehr dient, und das auch im kollektiven Sinne, sehen wir diesen Monat um uns davon zu befreien. Ein Wendepunkt f\u00fcr jeden wenn man so will. Verlier also nicht den Boden unter den F\u00fc\u00dfen bei der Ganzen Sache! Es soll eine Ver\u00e4nderung zum guten f\u00fcr dich sein. F\u00fcr uns.\u00a0<\/p>\n","protected":false},"author":1,"featured_media":0,"comment_status":"closed","ping_status":"open","sticky":false,"template":"","format":"standard","meta":{"_monsterinsights_skip_tracking":false,"_monsterinsights_sitenote_active":false,"_monsterinsights_sitenote_note":"","_monsterinsights_sitenote_category":0,"footnotes":""},"categories":[97],"tags":[32,47],"class_list":["post-2971","post","type-post","status-publish","format-standard","hentry","category-energyupdate","tag-energie","tag-tarot"],"yoast_head":"<!-- This site is optimized with the Yoast SEO plugin v27.5 - https:\/\/yoast.com\/product\/yoast-seo-wordpress\/ -->\n<title>M\u00e4rz Energievorschau - Carolin Sommer<\/title>\n<meta name=\"robots\" content=\"index, follow, max-snippet:-1, max-image-preview:large, max-video-preview:-1\" \/>\n<link rel=\"canonical\" href=\"https:\/\/www.carolin-sommer.com\/?p=2971\" \/>\n<meta property=\"og:locale\" content=\"de_DE\" \/>\n<meta property=\"og:type\" content=\"article\" \/>\n<meta property=\"og:title\" content=\"M\u00e4rz Energievorschau - Carolin Sommer\" \/>\n<meta property=\"og:description\" content=\"Der M\u00e4rz soll Gleichgewicht bringen. Einen Ausgleich. In dein Leben aber auch ins Kollektiv soll ein Ausgleich kommen. Dieser ist schon lange im Hintergrund (auf unterbewusster Ebene\/ energetischer Ebene im Kollektiv) am laufen. Jetzt im M\u00e4rz sehen wir es manifestiert in unserer Realit\u00e4t. Der Monat bringt gro\u00dfe Ver\u00e4nderungen mit sich und schlie\u00dft etwas Vergangenes ab. Es ist ein Monats des Umbruchs und der Erneuerung. Alles was uns nicht mehr dient, und das auch im kollektiven Sinne, sehen wir diesen Monat um uns davon zu befreien. Ein Wendepunkt f\u00fcr jeden wenn man so will. Verlier also nicht den Boden unter den F\u00fc\u00dfen bei der Ganzen Sache! Es soll eine Ver\u00e4nderung zum guten f\u00fcr dich sein. F\u00fcr uns.\u00a0\" \/>\n<meta property=\"og:url\" content=\"https:\/\/www.carolin-sommer.com\/?p=2971\" \/>\n<meta property=\"og:site_name\" content=\"Carolin Sommer\" \/>\n<meta property=\"article:publisher\" content=\"https:\/\/www.facebook.com\/CarolinSommerAkademieCoaching\" \/>\n<meta property=\"article:author\" content=\"https:\/\/www.facebook.com\/CarolinSommerAkademieCoaching\" \/>\n<meta property=\"article:published_time\" content=\"2023-02-27T09:44:04+00:00\" \/>\n<meta property=\"article:modified_time\" content=\"2025-09-23T10:10:28+00:00\" \/>\n<meta property=\"og:image\" content=\"https:\/\/www.carolin-sommer.com\/wp-content\/uploads\/2023\/02\/1.png\" \/>\n\t<meta property=\"og:image:width\" content=\"1080\" \/>\n\t<meta property=\"og:image:height\" content=\"1080\" \/>\n\t<meta property=\"og:image:type\" content=\"image\/png\" \/>\n<meta name=\"author\" content=\"Carolin Sommer\" \/>\n<meta name=\"twitter:card\" content=\"summary_large_image\" \/>\n<meta name=\"twitter:label1\" content=\"Verfasst von\" \/>\n\t<meta name=\"twitter:data1\" content=\"Carolin Sommer\" \/>\n\t<meta name=\"twitter:label2\" content=\"Gesch\u00e4tzte Lesezeit\" \/>\n\t<meta name=\"twitter:data2\" content=\"5\u00a0Minuten\" \/>\n<script type=\"application\/ld+json\" class=\"yoast-schema-graph\">{\"@context\":\"https:\\\/\\\/schema.org\",\"@graph\":[{\"@type\":\"Article\",\"@id\":\"https:\\\/\\\/www.carolin-sommer.com\\\/?p=2971#article\",\"isPartOf\":{\"@id\":\"https:\\\/\\\/www.carolin-sommer.com\\\/?p=2971\"},\"author\":{\"name\":\"Carolin Sommer\",\"@id\":\"https:\\\/\\\/www.carolin-sommer.com\\\/#\\\/schema\\\/person\\\/30ee9c98eb9f7a5dea6c83ee04f3e849\"},\"headline\":\"M\u00e4rz Energievorschau\",\"datePublished\":\"2023-02-27T09:44:04+00:00\",\"dateModified\":\"2025-09-23T10:10:28+00:00\",\"mainEntityOfPage\":{\"@id\":\"https:\\\/\\\/www.carolin-sommer.com\\\/?p=2971\"},\"wordCount\":859,\"publisher\":{\"@id\":\"https:\\\/\\\/www.carolin-sommer.com\\\/#\\\/schema\\\/person\\\/30ee9c98eb9f7a5dea6c83ee04f3e849\"},\"image\":{\"@id\":\"https:\\\/\\\/www.carolin-sommer.com\\\/?p=2971#primaryimage\"},\"thumbnailUrl\":\"https:\\\/\\\/www.carolin-sommer.com\\\/wp-content\\\/uploads\\\/2023\\\/02\\\/1-1024x1024.png\",\"keywords\":[\"Energie\",\"Tarot\"],\"articleSection\":[\"EnergyUpdate\"],\"inLanguage\":\"de\"},{\"@type\":\"WebPage\",\"@id\":\"https:\\\/\\\/www.carolin-sommer.com\\\/?p=2971\",\"url\":\"https:\\\/\\\/www.carolin-sommer.com\\\/?p=2971\",\"name\":\"M\u00e4rz Energievorschau - Carolin Sommer\",\"isPartOf\":{\"@id\":\"https:\\\/\\\/www.carolin-sommer.com\\\/#website\"},\"primaryImageOfPage\":{\"@id\":\"https:\\\/\\\/www.carolin-sommer.com\\\/?p=2971#primaryimage\"},\"image\":{\"@id\":\"https:\\\/\\\/www.carolin-sommer.com\\\/?p=2971#primaryimage\"},\"thumbnailUrl\":\"https:\\\/\\\/www.carolin-sommer.com\\\/wp-content\\\/uploads\\\/2023\\\/02\\\/1-1024x1024.png\",\"datePublished\":\"2023-02-27T09:44:04+00:00\",\"dateModified\":\"2025-09-23T10:10:28+00:00\",\"breadcrumb\":{\"@id\":\"https:\\\/\\\/www.carolin-sommer.com\\\/?p=2971#breadcrumb\"},\"inLanguage\":\"de\",\"potentialAction\":[{\"@type\":\"ReadAction\",\"target\":[\"https:\\\/\\\/www.carolin-sommer.com\\\/?p=2971\"]}]},{\"@type\":\"ImageObject\",\"inLanguage\":\"de\",\"@id\":\"https:\\\/\\\/www.carolin-sommer.com\\\/?p=2971#primaryimage\",\"url\":\"https:\\\/\\\/www.carolin-sommer.com\\\/wp-content\\\/uploads\\\/2023\\\/02\\\/1.png\",\"contentUrl\":\"https:\\\/\\\/www.carolin-sommer.com\\\/wp-content\\\/uploads\\\/2023\\\/02\\\/1.png\",\"width\":1080,\"height\":1080},{\"@type\":\"BreadcrumbList\",\"@id\":\"https:\\\/\\\/www.carolin-sommer.com\\\/?p=2971#breadcrumb\",\"itemListElement\":[{\"@type\":\"ListItem\",\"position\":1,\"name\":\"Startseite\",\"item\":\"https:\\\/\\\/www.carolin-sommer.com\\\/\"},{\"@type\":\"ListItem\",\"position\":2,\"name\":\"M\u00e4rz Energievorschau\"}]},{\"@type\":\"WebSite\",\"@id\":\"https:\\\/\\\/www.carolin-sommer.com\\\/#website\",\"url\":\"https:\\\/\\\/www.carolin-sommer.com\\\/\",\"name\":\"Carolin Sommer\",\"description\":\"Spiritualit\u00e4t, die ins Jetzt passt.\",\"publisher\":{\"@id\":\"https:\\\/\\\/www.carolin-sommer.com\\\/#\\\/schema\\\/person\\\/30ee9c98eb9f7a5dea6c83ee04f3e849\"},\"potentialAction\":[{\"@type\":\"SearchAction\",\"target\":{\"@type\":\"EntryPoint\",\"urlTemplate\":\"https:\\\/\\\/www.carolin-sommer.com\\\/?s={search_term_string}\"},\"query-input\":{\"@type\":\"PropertyValueSpecification\",\"valueRequired\":true,\"valueName\":\"search_term_string\"}}],\"inLanguage\":\"de\"},{\"@type\":[\"Person\",\"Organization\"],\"@id\":\"https:\\\/\\\/www.carolin-sommer.com\\\/#\\\/schema\\\/person\\\/30ee9c98eb9f7a5dea6c83ee04f3e849\",\"name\":\"Carolin Sommer\",\"image\":{\"@type\":\"ImageObject\",\"inLanguage\":\"de\",\"@id\":\"https:\\\/\\\/www.carolin-sommer.com\\\/wp-content\\\/uploads\\\/2020\\\/09\\\/Foto-am-01.09.20-um-14.48-3.jpg\",\"url\":\"https:\\\/\\\/www.carolin-sommer.com\\\/wp-content\\\/uploads\\\/2020\\\/09\\\/Foto-am-01.09.20-um-14.48-3.jpg\",\"contentUrl\":\"https:\\\/\\\/www.carolin-sommer.com\\\/wp-content\\\/uploads\\\/2020\\\/09\\\/Foto-am-01.09.20-um-14.48-3.jpg\",\"width\":1080,\"height\":720,\"caption\":\"Carolin Sommer\"},\"logo\":{\"@id\":\"https:\\\/\\\/www.carolin-sommer.com\\\/wp-content\\\/uploads\\\/2020\\\/09\\\/Foto-am-01.09.20-um-14.48-3.jpg\"},\"sameAs\":[\"https:\\\/\\\/www.carolin-sommer.com\\\/\",\"https:\\\/\\\/www.facebook.com\\\/CarolinSommerAkademieCoaching\",\"https:\\\/\\\/www.instagram.com\\\/carolin_sommer_\\\/?hl=de\",\"https:\\\/\\\/www.youtube.com\\\/channel\\\/UCP_Wv_TzxjhdpC-0NoDmJ1A\"],\"url\":\"https:\\\/\\\/www.carolin-sommer.com\\\/?author=1\"}]}<\/script>\n<!-- \/ Yoast SEO plugin. -->","yoast_head_json":{"title":"M\u00e4rz Energievorschau - Carolin Sommer","robots":{"index":"index","follow":"follow","max-snippet":"max-snippet:-1","max-image-preview":"max-image-preview:large","max-video-preview":"max-video-preview:-1"},"canonical":"https:\/\/www.carolin-sommer.com\/?p=2971","og_locale":"de_DE","og_type":"article","og_title":"M\u00e4rz Energievorschau - Carolin Sommer","og_description":"Der M\u00e4rz soll Gleichgewicht bringen. Einen Ausgleich. In dein Leben aber auch ins Kollektiv soll ein Ausgleich kommen. Dieser ist schon lange im Hintergrund (auf unterbewusster Ebene\/ energetischer Ebene im Kollektiv) am laufen. Jetzt im M\u00e4rz sehen wir es manifestiert in unserer Realit\u00e4t. Der Monat bringt gro\u00dfe Ver\u00e4nderungen mit sich und schlie\u00dft etwas Vergangenes ab. Es ist ein Monats des Umbruchs und der Erneuerung. Alles was uns nicht mehr dient, und das auch im kollektiven Sinne, sehen wir diesen Monat um uns davon zu befreien. Ein Wendepunkt f\u00fcr jeden wenn man so will. Verlier also nicht den Boden unter den F\u00fc\u00dfen bei der Ganzen Sache! Es soll eine Ver\u00e4nderung zum guten f\u00fcr dich sein. F\u00fcr uns.\u00a0","og_url":"https:\/\/www.carolin-sommer.com\/?p=2971","og_site_name":"Carolin Sommer","article_publisher":"https:\/\/www.facebook.com\/CarolinSommerAkademieCoaching","article_author":"https:\/\/www.facebook.com\/CarolinSommerAkademieCoaching","article_published_time":"2023-02-27T09:44:04+00:00","article_modified_time":"2025-09-23T10:10:28+00:00","og_image":[{"width":1080,"height":1080,"url":"https:\/\/www.carolin-sommer.com\/wp-content\/uploads\/2023\/02\/1.png","type":"image\/png"}],"author":"Carolin Sommer","twitter_card":"summary_large_image","twitter_misc":{"Verfasst von":"Carolin Sommer","Gesch\u00e4tzte Lesezeit":"5\u00a0Minuten"},"schema":{"@context":"https:\/\/schema.org","@graph":[{"@type":"Article","@id":"https:\/\/www.carolin-sommer.com\/?p=2971#article","isPartOf":{"@id":"https:\/\/www.carolin-sommer.com\/?p=2971"},"author":{"name":"Carolin Sommer","@id":"https:\/\/www.carolin-sommer.com\/#\/schema\/person\/30ee9c98eb9f7a5dea6c83ee04f3e849"},"headline":"M\u00e4rz Energievorschau","datePublished":"2023-02-27T09:44:04+00:00","dateModified":"2025-09-23T10:10:28+00:00","mainEntityOfPage":{"@id":"https:\/\/www.carolin-sommer.com\/?p=2971"},"wordCount":859,"publisher":{"@id":"https:\/\/www.carolin-sommer.com\/#\/schema\/person\/30ee9c98eb9f7a5dea6c83ee04f3e849"},"image":{"@id":"https:\/\/www.carolin-sommer.com\/?p=2971#primaryimage"},"thumbnailUrl":"https:\/\/www.carolin-sommer.com\/wp-content\/uploads\/2023\/02\/1-1024x1024.png","keywords":["Energie","Tarot"],"articleSection":["EnergyUpdate"],"inLanguage":"de"},{"@type":"WebPage","@id":"https:\/\/www.carolin-sommer.com\/?p=2971","url":"https:\/\/www.carolin-sommer.com\/?p=2971","name":"M\u00e4rz Energievorschau - Carolin Sommer","isPartOf":{"@id":"https:\/\/www.carolin-sommer.com\/#website"},"primaryImageOfPage":{"@id":"https:\/\/www.carolin-sommer.com\/?p=2971#primaryimage"},"image":{"@id":"https:\/\/www.carolin-sommer.com\/?p=2971#primaryimage"},"thumbnailUrl":"https:\/\/www.carolin-sommer.com\/wp-content\/uploads\/2023\/02\/1-1024x1024.png","datePublished":"2023-02-27T09:44:04+00:00","dateModified":"2025-09-23T10:10:28+00:00","breadcrumb":{"@id":"https:\/\/www.carolin-sommer.com\/?p=2971#breadcrumb"},"inLanguage":"de","potentialAction":[{"@type":"ReadAction","target":["https:\/\/www.carolin-sommer.com\/?p=2971"]}]},{"@type":"ImageObject","inLanguage":"de","@id":"https:\/\/www.carolin-sommer.com\/?p=2971#primaryimage","url":"https:\/\/www.carolin-sommer.com\/wp-content\/uploads\/2023\/02\/1.png","contentUrl":"https:\/\/www.carolin-sommer.com\/wp-content\/uploads\/2023\/02\/1.png","width":1080,"height":1080},{"@type":"BreadcrumbList","@id":"https:\/\/www.carolin-sommer.com\/?p=2971#breadcrumb","itemListElement":[{"@type":"ListItem","position":1,"name":"Startseite","item":"https:\/\/www.carolin-sommer.com\/"},{"@type":"ListItem","position":2,"name":"M\u00e4rz Energievorschau"}]},{"@type":"WebSite","@id":"https:\/\/www.carolin-sommer.com\/#website","url":"https:\/\/www.carolin-sommer.com\/","name":"Carolin Sommer","description":"Spiritualit\u00e4t, die ins Jetzt passt.","publisher":{"@id":"https:\/\/www.carolin-sommer.com\/#\/schema\/person\/30ee9c98eb9f7a5dea6c83ee04f3e849"},"potentialAction":[{"@type":"SearchAction","target":{"@type":"EntryPoint","urlTemplate":"https:\/\/www.carolin-sommer.com\/?s={search_term_string}"},"query-input":{"@type":"PropertyValueSpecification","valueRequired":true,"valueName":"search_term_string"}}],"inLanguage":"de"},{"@type":["Person","Organization"],"@id":"https:\/\/www.carolin-sommer.com\/#\/schema\/person\/30ee9c98eb9f7a5dea6c83ee04f3e849","name":"Carolin Sommer","image":{"@type":"ImageObject","inLanguage":"de","@id":"https:\/\/www.carolin-sommer.com\/wp-content\/uploads\/2020\/09\/Foto-am-01.09.20-um-14.48-3.jpg","url":"https:\/\/www.carolin-sommer.com\/wp-content\/uploads\/2020\/09\/Foto-am-01.09.20-um-14.48-3.jpg","contentUrl":"https:\/\/www.carolin-sommer.com\/wp-content\/uploads\/2020\/09\/Foto-am-01.09.20-um-14.48-3.jpg","width":1080,"height":720,"caption":"Carolin Sommer"},"logo":{"@id":"https:\/\/www.carolin-sommer.com\/wp-content\/uploads\/2020\/09\/Foto-am-01.09.20-um-14.48-3.jpg"},"sameAs":["https:\/\/www.carolin-sommer.com\/","https:\/\/www.facebook.com\/CarolinSommerAkademieCoaching","https:\/\/www.instagram.com\/carolin_sommer_\/?hl=de","https:\/\/www.youtube.com\/channel\/UCP_Wv_TzxjhdpC-0NoDmJ1A"],"url":"https:\/\/www.carolin-sommer.com\/?author=1"}]}},"_links":{"self":[{"href":"https:\/\/www.carolin-sommer.com\/index.php?rest_route=\/wp\/v2\/posts\/2971","targetHints":{"allow":["GET"]}}],"collection":[{"href":"https:\/\/www.carolin-sommer.com\/index.php?rest_route=\/wp\/v2\/posts"}],"about":[{"href":"https:\/\/www.carolin-sommer.com\/index.php?rest_route=\/wp\/v2\/types\/post"}],"author":[{"embeddable":true,"href":"https:\/\/www.carolin-sommer.com\/index.php?rest_route=\/wp\/v2\/users\/1"}],"replies":[{"embeddable":true,"href":"https:\/\/www.carolin-sommer.com\/index.php?rest_route=%2Fwp%2Fv2%2Fcomments&post=2971"}],"version-history":[{"count":1,"href":"https:\/\/www.carolin-sommer.com\/index.php?rest_route=\/wp\/v2\/posts\/2971\/revisions"}],"predecessor-version":[{"id":2973,"href":"https:\/\/www.carolin-sommer.com\/index.php?rest_route=\/wp\/v2\/posts\/2971\/revisions\/2973"}],"wp:attachment":[{"href":"https:\/\/www.carolin-sommer.com\/index.php?rest_route=%2Fwp%2Fv2%2Fmedia&parent=2971"}],"wp:term":[{"taxonomy":"category","embeddable":true,"href":"https:\/\/www.carolin-sommer.com\/index.php?rest_route=%2Fwp%2Fv2%2Fcategories&post=2971"},{"taxonomy":"post_tag","embeddable":true,"href":"https:\/\/www.carolin-sommer.com\/index.php?rest_route=%2Fwp%2Fv2%2Ftags&post=2971"}],"curies":[{"name":"wp","href":"https:\/\/api.w.org\/{rel}","templated":true}]}}