{"id":4153,"date":"2025-10-05T19:26:19","date_gmt":"2025-10-05T17:26:19","guid":{"rendered":"https:\/\/www.carolin-sommer.com\/?p=4153"},"modified":"2025-11-22T22:17:08","modified_gmt":"2025-11-22T21:17:08","slug":"carolins-gedanken-beim-cafe-%e2%98%95-05-10-2025","status":"publish","type":"post","link":"https:\/\/www.carolin-sommer.com\/?p=4153","title":{"rendered":"Carolins Gedanken beim Caf\u00e9 \u2615 &#8211; 05.10.2025"},"content":{"rendered":"\n<div class=\"wp-block-cover is-light\" style=\"min-height:533px;aspect-ratio:unset;\"><img loading=\"lazy\" decoding=\"async\" width=\"1000\" height=\"668\" class=\"wp-block-cover__image-background wp-image-201 size-full\" alt=\"\" src=\"https:\/\/www.carolin-sommer.com\/wp-content\/uploads\/2018\/05\/carolin-23-von-37.jpg\" data-object-fit=\"cover\" srcset=\"https:\/\/www.carolin-sommer.com\/wp-content\/uploads\/2018\/05\/carolin-23-von-37.jpg 1000w, https:\/\/www.carolin-sommer.com\/wp-content\/uploads\/2018\/05\/carolin-23-von-37-300x200.jpg 300w, https:\/\/www.carolin-sommer.com\/wp-content\/uploads\/2018\/05\/carolin-23-von-37-768x513.jpg 768w\" sizes=\"auto, (max-width: 1000px) 100vw, 1000px\" \/><span aria-hidden=\"true\" class=\"wp-block-cover__background has-background-dim\" style=\"background-color:#878c78\"><\/span><div class=\"wp-block-cover__inner-container is-layout-constrained wp-block-cover-is-layout-constrained\">\n<h2 class=\"wp-block-heading has-text-align-center has-white-color has-text-color has-link-color has-large-font-size wp-elements-e65d9f265161529f9981af50ec47fe1f\">Impulse &amp; Aha-Momente aus meiner Woche<\/h2>\n<\/div><\/div>\n\n\n\n<div style=\"height:22px\" aria-hidden=\"true\" class=\"wp-block-spacer\"><\/div>\n\n\n\n<h3 class=\"wp-block-heading\">Ich frage mich manchmal: Wieviel Wert haben Worte, wenn die Taten nicht dazu passen?<\/h3>\n\n\n\n<p>Diese Woche habe ich mir Gedanken \u00fcber das Thema Worte und Taten gemacht. Wenn Worte und Taten nicht \u00fcbereinstimmen, sp\u00fcrst du sofort: Etwas stimmt nicht. Es f\u00fchlt sich nicht stimmig an. Die Person f\u00fchlt sich nicht stimmig an. Oder wie ich immer gerne sage. Nicht rund. Die Sache ist nicht rund. Und das sp\u00fcren wir. <\/p>\n\n\n\n<p>Wenn eine Person nicht das tut oder sich nicht so verh\u00e4lt wie sie es sagt dann f\u00fchlen wir uns tief drinnen nicht sicher. Nicht wohl. Wenn eine Person dir sagt das sie dich nicht leiden kann und sich auch so verh\u00e4lt ist alles klar. Du findest es vielleicht nicht toll aber du wei\u00dft genau woran du bist. Und das ist der Punkt. Es gibt dir in gewisser Weise Sicherheit. N\u00e4mlich dabei woran du bist bei der Person. Wenn eine Person sich nicht stimmig verh\u00e4lt dann f\u00fchlst du Unsicherheit. Dein System merkt es stimmt was nicht.<\/p>\n\n\n\n<p>Kennst du das?<br>Jemand sagt dir, wie wichtig du ihm bist. Die Worte klingen warm, fast tr\u00f6stlich \u2013 und f\u00fcr einen Moment glaubst du daran. Doch dann kommt die Realit\u00e4t. Keine Zeit. Kein Interesse. Kein Platz f\u00fcr dich im echten Leben.<\/p>\n\n\n\n<p>Wenn jemand immer wieder sagt, das du wichtig bist, aber du es nicht in seiner Pr\u00e4senz, in seinem Zuh\u00f6ren oder in seiner Verl\u00e4sslichkeit sp\u00fcrst &#8211; dann wird das Ungleichgewicht irgendwann deutlich. Authentizit\u00e4t bedeutet, dass Handeln und Worte \u00fcbereinstimmen. Alles andere f\u00fchlt sich irgendwann leer an, auch wenn es im Moment sch\u00f6n klingt. <\/p>\n\n\n\n<figure class=\"wp-block-pullquote has-text-color has-link-color wp-elements-c07d88d7d665862ab7a4285ecc4725b2\" style=\"color:#d4a017\"><blockquote><p>Es sind nicht die gro\u00dfen Worte, die z\u00e4hlen. Sondern die kleinen Gesten, die zeigen, ob sie wahr sind.  <\/p><\/blockquote><\/figure>\n\n\n\n<p>Diese Diskrepanzen hinterlassen Spuren: Unsicherheit, Entt\u00e4uschung, vielleicht auch Zweifel am eigenen Wert. Dabei liegt das Problem nicht an dir, sondern in der fehlenden Stimmigkeit des anderen. Wenn dir das bekannt vorkommt solltest du auf jeden Fall f\u00fcr dich eine Entscheidung treffen. M\u00f6chtest du das weiterhin so? Wenn du es f\u00fchlst aber nichts \u00e4nderst handelst du auch nicht nach dem was du f\u00fchlst. Auch das ist eine Diskrepanz. Auch wenn sie &#8222;nur&#8220; in deinem innersten ist. Da reden wir ein anderes mal dr\u00fcber warum das fast noch schlimmer ist nicht nach dem zu handeln was man f\u00fchlt. <\/p>\n\n\n\n<p>F\u00fcr heute m\u00f6chte ich dir neben meinen Gedanken aus der letzten Woche einfach nur mitgeben: Worte und Taten stimmen dann \u00fcberein wenn jemand authentisch ist. Wenn das nicht der Fall ist sp\u00fcrst du es. <\/p>\n\n\n\n<p>Vielleicht magst du in dieser Woche einmal darauf achten: Wo stimmen Worte und Taten zusammen \u2013 und wo nicht?<\/p>\n","protected":false},"excerpt":{"rendered":"<p>Ich frage mich manchmal: Wieviel Wert haben Worte, wenn die Taten nicht dazu passen? Diese Woche habe ich mir Gedanken \u00fcber das Thema Worte und Taten gemacht. Wenn Worte und Taten nicht \u00fcbereinstimmen, sp\u00fcrst du sofort: Etwas stimmt nicht. Es f\u00fchlt sich nicht stimmig an. Die Person f\u00fchlt sich nicht stimmig an. Oder wie ich immer gerne sage. Nicht rund. Die Sache ist nicht rund. Und das sp\u00fcren wir. Wenn eine Person nicht das tut oder sich nicht so verh\u00e4lt wie sie es sagt dann f\u00fchlen wir uns tief drinnen nicht sicher. Nicht wohl. Wenn eine Person dir sagt das sie dich nicht leiden kann und sich auch so verh\u00e4lt ist alles klar. Du findest es vielleicht nicht toll aber du wei\u00dft genau woran du bist. Und das ist der Punkt. Es gibt dir in gewisser Weise Sicherheit. N\u00e4mlich dabei woran du bist bei der Person. Wenn eine Person sich nicht stimmig verh\u00e4lt dann f\u00fchlst du Unsicherheit. Dein System merkt es stimmt was nicht. Kennst du das?Jemand sagt dir, wie wichtig du ihm bist. Die Worte klingen warm, fast tr\u00f6stlich \u2013 und f\u00fcr einen Moment glaubst du daran. Doch dann kommt die Realit\u00e4t. Keine Zeit. Kein Interesse. Kein Platz f\u00fcr dich im echten Leben. Wenn jemand immer wieder sagt, das du wichtig bist, aber du es nicht in seiner Pr\u00e4senz, in seinem Zuh\u00f6ren oder in seiner Verl\u00e4sslichkeit sp\u00fcrst &#8211; dann wird das Ungleichgewicht irgendwann deutlich. Authentizit\u00e4t bedeutet, dass Handeln und Worte \u00fcbereinstimmen. Alles andere f\u00fchlt sich irgendwann leer an, auch wenn es im Moment sch\u00f6n klingt. Es sind nicht die gro\u00dfen Worte, die z\u00e4hlen. Sondern die kleinen Gesten, die zeigen, ob sie wahr sind. Diese Diskrepanzen hinterlassen Spuren: Unsicherheit, Entt\u00e4uschung, vielleicht auch Zweifel am eigenen Wert. Dabei liegt das Problem nicht an dir, sondern in der fehlenden Stimmigkeit des anderen. Wenn dir das bekannt vorkommt solltest du auf jeden Fall f\u00fcr dich eine Entscheidung treffen. M\u00f6chtest du das weiterhin so? Wenn du es f\u00fchlst aber nichts \u00e4nderst handelst du auch nicht nach dem was du f\u00fchlst. Auch das ist eine Diskrepanz. Auch wenn sie &#8222;nur&#8220; in deinem innersten ist. Da reden wir ein anderes mal dr\u00fcber warum das fast noch schlimmer ist nicht nach dem zu handeln was man f\u00fchlt. F\u00fcr heute m\u00f6chte ich dir neben meinen Gedanken aus der letzten Woche einfach nur mitgeben: Worte und Taten stimmen dann \u00fcberein wenn jemand authentisch ist. Wenn das nicht der Fall ist sp\u00fcrst du es. Vielleicht magst du in dieser Woche einmal darauf achten: Wo stimmen Worte und Taten zusammen \u2013 und wo nicht?<\/p>\n","protected":false},"author":1,"featured_media":0,"comment_status":"closed","ping_status":"open","sticky":false,"template":"","format":"standard","meta":{"_monsterinsights_skip_tracking":false,"_monsterinsights_sitenote_active":false,"_monsterinsights_sitenote_note":"","_monsterinsights_sitenote_category":0,"footnotes":""},"categories":[1],"tags":[90,117,23,110],"class_list":["post-4153","post","type-post","status-publish","format-standard","hentry","category-blog","tag-bewusstsein","tag-carolins-gedanken-beim-cafe","tag-emotionen","tag-persoenlichkeitsentwicklung"],"yoast_head":"<!-- This site is optimized with the Yoast SEO plugin v27.5 - https:\/\/yoast.com\/product\/yoast-seo-wordpress\/ -->\n<title>Carolins Gedanken beim Caf\u00e9 \u2615 - 05.10.2025 - Carolin Sommer<\/title>\n<meta name=\"robots\" content=\"index, follow, max-snippet:-1, max-image-preview:large, max-video-preview:-1\" \/>\n<link rel=\"canonical\" href=\"https:\/\/www.carolin-sommer.com\/?p=4153\" \/>\n<meta property=\"og:locale\" content=\"de_DE\" \/>\n<meta property=\"og:type\" content=\"article\" \/>\n<meta property=\"og:title\" content=\"Carolins Gedanken beim Caf\u00e9 \u2615 - 05.10.2025 - Carolin Sommer\" \/>\n<meta property=\"og:description\" content=\"Ich frage mich manchmal: Wieviel Wert haben Worte, wenn die Taten nicht dazu passen? Diese Woche habe ich mir Gedanken \u00fcber das Thema Worte und Taten gemacht. Wenn Worte und Taten nicht \u00fcbereinstimmen, sp\u00fcrst du sofort: Etwas stimmt nicht. Es f\u00fchlt sich nicht stimmig an. Die Person f\u00fchlt sich nicht stimmig an. Oder wie ich immer gerne sage. Nicht rund. Die Sache ist nicht rund. Und das sp\u00fcren wir. Wenn eine Person nicht das tut oder sich nicht so verh\u00e4lt wie sie es sagt dann f\u00fchlen wir uns tief drinnen nicht sicher. Nicht wohl. Wenn eine Person dir sagt das sie dich nicht leiden kann und sich auch so verh\u00e4lt ist alles klar. Du findest es vielleicht nicht toll aber du wei\u00dft genau woran du bist. Und das ist der Punkt. Es gibt dir in gewisser Weise Sicherheit. N\u00e4mlich dabei woran du bist bei der Person. Wenn eine Person sich nicht stimmig verh\u00e4lt dann f\u00fchlst du Unsicherheit. Dein System merkt es stimmt was nicht. Kennst du das?Jemand sagt dir, wie wichtig du ihm bist. Die Worte klingen warm, fast tr\u00f6stlich \u2013 und f\u00fcr einen Moment glaubst du daran. Doch dann kommt die Realit\u00e4t. Keine Zeit. Kein Interesse. Kein Platz f\u00fcr dich im echten Leben. Wenn jemand immer wieder sagt, das du wichtig bist, aber du es nicht in seiner Pr\u00e4senz, in seinem Zuh\u00f6ren oder in seiner Verl\u00e4sslichkeit sp\u00fcrst &#8211; dann wird das Ungleichgewicht irgendwann deutlich. Authentizit\u00e4t bedeutet, dass Handeln und Worte \u00fcbereinstimmen. Alles andere f\u00fchlt sich irgendwann leer an, auch wenn es im Moment sch\u00f6n klingt. Es sind nicht die gro\u00dfen Worte, die z\u00e4hlen. Sondern die kleinen Gesten, die zeigen, ob sie wahr sind. Diese Diskrepanzen hinterlassen Spuren: Unsicherheit, Entt\u00e4uschung, vielleicht auch Zweifel am eigenen Wert. Dabei liegt das Problem nicht an dir, sondern in der fehlenden Stimmigkeit des anderen. Wenn dir das bekannt vorkommt solltest du auf jeden Fall f\u00fcr dich eine Entscheidung treffen. M\u00f6chtest du das weiterhin so? Wenn du es f\u00fchlst aber nichts \u00e4nderst handelst du auch nicht nach dem was du f\u00fchlst. Auch das ist eine Diskrepanz. Auch wenn sie &#8222;nur&#8220; in deinem innersten ist. Da reden wir ein anderes mal dr\u00fcber warum das fast noch schlimmer ist nicht nach dem zu handeln was man f\u00fchlt. F\u00fcr heute m\u00f6chte ich dir neben meinen Gedanken aus der letzten Woche einfach nur mitgeben: Worte und Taten stimmen dann \u00fcberein wenn jemand authentisch ist. Wenn das nicht der Fall ist sp\u00fcrst du es. Vielleicht magst du in dieser Woche einmal darauf achten: Wo stimmen Worte und Taten zusammen \u2013 und wo nicht?\" \/>\n<meta property=\"og:url\" content=\"https:\/\/www.carolin-sommer.com\/?p=4153\" \/>\n<meta property=\"og:site_name\" content=\"Carolin Sommer\" \/>\n<meta property=\"article:publisher\" content=\"https:\/\/www.facebook.com\/CarolinSommerAkademieCoaching\" \/>\n<meta property=\"article:author\" content=\"https:\/\/www.facebook.com\/CarolinSommerAkademieCoaching\" \/>\n<meta property=\"article:published_time\" content=\"2025-10-05T17:26:19+00:00\" \/>\n<meta property=\"article:modified_time\" content=\"2025-11-22T21:17:08+00:00\" \/>\n<meta name=\"author\" content=\"Carolin Sommer\" \/>\n<meta name=\"twitter:card\" content=\"summary_large_image\" \/>\n<meta name=\"twitter:label1\" content=\"Verfasst von\" \/>\n\t<meta name=\"twitter:data1\" content=\"Carolin Sommer\" \/>\n\t<meta name=\"twitter:label2\" content=\"Gesch\u00e4tzte Lesezeit\" \/>\n\t<meta name=\"twitter:data2\" content=\"3\u00a0Minuten\" \/>\n<script type=\"application\/ld+json\" class=\"yoast-schema-graph\">{\"@context\":\"https:\\\/\\\/schema.org\",\"@graph\":[{\"@type\":\"Article\",\"@id\":\"https:\\\/\\\/www.carolin-sommer.com\\\/?p=4153#article\",\"isPartOf\":{\"@id\":\"https:\\\/\\\/www.carolin-sommer.com\\\/?p=4153\"},\"author\":{\"name\":\"Carolin Sommer\",\"@id\":\"https:\\\/\\\/www.carolin-sommer.com\\\/#\\\/schema\\\/person\\\/30ee9c98eb9f7a5dea6c83ee04f3e849\"},\"headline\":\"Carolins Gedanken beim Caf\u00e9 \u2615 &#8211; 05.10.2025\",\"datePublished\":\"2025-10-05T17:26:19+00:00\",\"dateModified\":\"2025-11-22T21:17:08+00:00\",\"mainEntityOfPage\":{\"@id\":\"https:\\\/\\\/www.carolin-sommer.com\\\/?p=4153\"},\"wordCount\":461,\"publisher\":{\"@id\":\"https:\\\/\\\/www.carolin-sommer.com\\\/#\\\/schema\\\/person\\\/30ee9c98eb9f7a5dea6c83ee04f3e849\"},\"keywords\":[\"Bewusstsein\",\"Carolins Gedanken beim Caf\u00e9\",\"Emotionen\",\"Pers\u00f6nlichkeitsentwicklung\"],\"articleSection\":[\"Blog\"],\"inLanguage\":\"de\"},{\"@type\":\"WebPage\",\"@id\":\"https:\\\/\\\/www.carolin-sommer.com\\\/?p=4153\",\"url\":\"https:\\\/\\\/www.carolin-sommer.com\\\/?p=4153\",\"name\":\"Carolins Gedanken beim Caf\u00e9 \u2615 - 05.10.2025 - Carolin Sommer\",\"isPartOf\":{\"@id\":\"https:\\\/\\\/www.carolin-sommer.com\\\/#website\"},\"datePublished\":\"2025-10-05T17:26:19+00:00\",\"dateModified\":\"2025-11-22T21:17:08+00:00\",\"breadcrumb\":{\"@id\":\"https:\\\/\\\/www.carolin-sommer.com\\\/?p=4153#breadcrumb\"},\"inLanguage\":\"de\",\"potentialAction\":[{\"@type\":\"ReadAction\",\"target\":[\"https:\\\/\\\/www.carolin-sommer.com\\\/?p=4153\"]}]},{\"@type\":\"BreadcrumbList\",\"@id\":\"https:\\\/\\\/www.carolin-sommer.com\\\/?p=4153#breadcrumb\",\"itemListElement\":[{\"@type\":\"ListItem\",\"position\":1,\"name\":\"Startseite\",\"item\":\"https:\\\/\\\/www.carolin-sommer.com\\\/\"},{\"@type\":\"ListItem\",\"position\":2,\"name\":\"Carolins Gedanken beim Caf\u00e9 \u2615 &#8211; 05.10.2025\"}]},{\"@type\":\"WebSite\",\"@id\":\"https:\\\/\\\/www.carolin-sommer.com\\\/#website\",\"url\":\"https:\\\/\\\/www.carolin-sommer.com\\\/\",\"name\":\"Carolin Sommer\",\"description\":\"Spiritualit\u00e4t, die ins Jetzt passt.\",\"publisher\":{\"@id\":\"https:\\\/\\\/www.carolin-sommer.com\\\/#\\\/schema\\\/person\\\/30ee9c98eb9f7a5dea6c83ee04f3e849\"},\"potentialAction\":[{\"@type\":\"SearchAction\",\"target\":{\"@type\":\"EntryPoint\",\"urlTemplate\":\"https:\\\/\\\/www.carolin-sommer.com\\\/?s={search_term_string}\"},\"query-input\":{\"@type\":\"PropertyValueSpecification\",\"valueRequired\":true,\"valueName\":\"search_term_string\"}}],\"inLanguage\":\"de\"},{\"@type\":[\"Person\",\"Organization\"],\"@id\":\"https:\\\/\\\/www.carolin-sommer.com\\\/#\\\/schema\\\/person\\\/30ee9c98eb9f7a5dea6c83ee04f3e849\",\"name\":\"Carolin Sommer\",\"image\":{\"@type\":\"ImageObject\",\"inLanguage\":\"de\",\"@id\":\"https:\\\/\\\/www.carolin-sommer.com\\\/wp-content\\\/uploads\\\/2020\\\/09\\\/Foto-am-01.09.20-um-14.48-3.jpg\",\"url\":\"https:\\\/\\\/www.carolin-sommer.com\\\/wp-content\\\/uploads\\\/2020\\\/09\\\/Foto-am-01.09.20-um-14.48-3.jpg\",\"contentUrl\":\"https:\\\/\\\/www.carolin-sommer.com\\\/wp-content\\\/uploads\\\/2020\\\/09\\\/Foto-am-01.09.20-um-14.48-3.jpg\",\"width\":1080,\"height\":720,\"caption\":\"Carolin Sommer\"},\"logo\":{\"@id\":\"https:\\\/\\\/www.carolin-sommer.com\\\/wp-content\\\/uploads\\\/2020\\\/09\\\/Foto-am-01.09.20-um-14.48-3.jpg\"},\"sameAs\":[\"https:\\\/\\\/www.carolin-sommer.com\\\/\",\"https:\\\/\\\/www.facebook.com\\\/CarolinSommerAkademieCoaching\",\"https:\\\/\\\/www.instagram.com\\\/carolin_sommer_\\\/?hl=de\",\"https:\\\/\\\/www.youtube.com\\\/channel\\\/UCP_Wv_TzxjhdpC-0NoDmJ1A\"],\"url\":\"https:\\\/\\\/www.carolin-sommer.com\\\/?author=1\"}]}<\/script>\n<!-- \/ Yoast SEO plugin. -->","yoast_head_json":{"title":"Carolins Gedanken beim Caf\u00e9 \u2615 - 05.10.2025 - Carolin Sommer","robots":{"index":"index","follow":"follow","max-snippet":"max-snippet:-1","max-image-preview":"max-image-preview:large","max-video-preview":"max-video-preview:-1"},"canonical":"https:\/\/www.carolin-sommer.com\/?p=4153","og_locale":"de_DE","og_type":"article","og_title":"Carolins Gedanken beim Caf\u00e9 \u2615 - 05.10.2025 - Carolin Sommer","og_description":"Ich frage mich manchmal: Wieviel Wert haben Worte, wenn die Taten nicht dazu passen? Diese Woche habe ich mir Gedanken \u00fcber das Thema Worte und Taten gemacht. Wenn Worte und Taten nicht \u00fcbereinstimmen, sp\u00fcrst du sofort: Etwas stimmt nicht. Es f\u00fchlt sich nicht stimmig an. Die Person f\u00fchlt sich nicht stimmig an. Oder wie ich immer gerne sage. Nicht rund. Die Sache ist nicht rund. Und das sp\u00fcren wir. Wenn eine Person nicht das tut oder sich nicht so verh\u00e4lt wie sie es sagt dann f\u00fchlen wir uns tief drinnen nicht sicher. Nicht wohl. Wenn eine Person dir sagt das sie dich nicht leiden kann und sich auch so verh\u00e4lt ist alles klar. Du findest es vielleicht nicht toll aber du wei\u00dft genau woran du bist. Und das ist der Punkt. Es gibt dir in gewisser Weise Sicherheit. N\u00e4mlich dabei woran du bist bei der Person. Wenn eine Person sich nicht stimmig verh\u00e4lt dann f\u00fchlst du Unsicherheit. Dein System merkt es stimmt was nicht. Kennst du das?Jemand sagt dir, wie wichtig du ihm bist. Die Worte klingen warm, fast tr\u00f6stlich \u2013 und f\u00fcr einen Moment glaubst du daran. Doch dann kommt die Realit\u00e4t. Keine Zeit. Kein Interesse. Kein Platz f\u00fcr dich im echten Leben. Wenn jemand immer wieder sagt, das du wichtig bist, aber du es nicht in seiner Pr\u00e4senz, in seinem Zuh\u00f6ren oder in seiner Verl\u00e4sslichkeit sp\u00fcrst &#8211; dann wird das Ungleichgewicht irgendwann deutlich. Authentizit\u00e4t bedeutet, dass Handeln und Worte \u00fcbereinstimmen. Alles andere f\u00fchlt sich irgendwann leer an, auch wenn es im Moment sch\u00f6n klingt. Es sind nicht die gro\u00dfen Worte, die z\u00e4hlen. Sondern die kleinen Gesten, die zeigen, ob sie wahr sind. Diese Diskrepanzen hinterlassen Spuren: Unsicherheit, Entt\u00e4uschung, vielleicht auch Zweifel am eigenen Wert. Dabei liegt das Problem nicht an dir, sondern in der fehlenden Stimmigkeit des anderen. Wenn dir das bekannt vorkommt solltest du auf jeden Fall f\u00fcr dich eine Entscheidung treffen. M\u00f6chtest du das weiterhin so? Wenn du es f\u00fchlst aber nichts \u00e4nderst handelst du auch nicht nach dem was du f\u00fchlst. Auch das ist eine Diskrepanz. Auch wenn sie &#8222;nur&#8220; in deinem innersten ist. Da reden wir ein anderes mal dr\u00fcber warum das fast noch schlimmer ist nicht nach dem zu handeln was man f\u00fchlt. F\u00fcr heute m\u00f6chte ich dir neben meinen Gedanken aus der letzten Woche einfach nur mitgeben: Worte und Taten stimmen dann \u00fcberein wenn jemand authentisch ist. Wenn das nicht der Fall ist sp\u00fcrst du es. Vielleicht magst du in dieser Woche einmal darauf achten: Wo stimmen Worte und Taten zusammen \u2013 und wo nicht?","og_url":"https:\/\/www.carolin-sommer.com\/?p=4153","og_site_name":"Carolin Sommer","article_publisher":"https:\/\/www.facebook.com\/CarolinSommerAkademieCoaching","article_author":"https:\/\/www.facebook.com\/CarolinSommerAkademieCoaching","article_published_time":"2025-10-05T17:26:19+00:00","article_modified_time":"2025-11-22T21:17:08+00:00","author":"Carolin Sommer","twitter_card":"summary_large_image","twitter_misc":{"Verfasst von":"Carolin Sommer","Gesch\u00e4tzte Lesezeit":"3\u00a0Minuten"},"schema":{"@context":"https:\/\/schema.org","@graph":[{"@type":"Article","@id":"https:\/\/www.carolin-sommer.com\/?p=4153#article","isPartOf":{"@id":"https:\/\/www.carolin-sommer.com\/?p=4153"},"author":{"name":"Carolin Sommer","@id":"https:\/\/www.carolin-sommer.com\/#\/schema\/person\/30ee9c98eb9f7a5dea6c83ee04f3e849"},"headline":"Carolins Gedanken beim Caf\u00e9 \u2615 &#8211; 05.10.2025","datePublished":"2025-10-05T17:26:19+00:00","dateModified":"2025-11-22T21:17:08+00:00","mainEntityOfPage":{"@id":"https:\/\/www.carolin-sommer.com\/?p=4153"},"wordCount":461,"publisher":{"@id":"https:\/\/www.carolin-sommer.com\/#\/schema\/person\/30ee9c98eb9f7a5dea6c83ee04f3e849"},"keywords":["Bewusstsein","Carolins Gedanken beim Caf\u00e9","Emotionen","Pers\u00f6nlichkeitsentwicklung"],"articleSection":["Blog"],"inLanguage":"de"},{"@type":"WebPage","@id":"https:\/\/www.carolin-sommer.com\/?p=4153","url":"https:\/\/www.carolin-sommer.com\/?p=4153","name":"Carolins Gedanken beim Caf\u00e9 \u2615 - 05.10.2025 - Carolin Sommer","isPartOf":{"@id":"https:\/\/www.carolin-sommer.com\/#website"},"datePublished":"2025-10-05T17:26:19+00:00","dateModified":"2025-11-22T21:17:08+00:00","breadcrumb":{"@id":"https:\/\/www.carolin-sommer.com\/?p=4153#breadcrumb"},"inLanguage":"de","potentialAction":[{"@type":"ReadAction","target":["https:\/\/www.carolin-sommer.com\/?p=4153"]}]},{"@type":"BreadcrumbList","@id":"https:\/\/www.carolin-sommer.com\/?p=4153#breadcrumb","itemListElement":[{"@type":"ListItem","position":1,"name":"Startseite","item":"https:\/\/www.carolin-sommer.com\/"},{"@type":"ListItem","position":2,"name":"Carolins Gedanken beim Caf\u00e9 \u2615 &#8211; 05.10.2025"}]},{"@type":"WebSite","@id":"https:\/\/www.carolin-sommer.com\/#website","url":"https:\/\/www.carolin-sommer.com\/","name":"Carolin Sommer","description":"Spiritualit\u00e4t, die ins Jetzt passt.","publisher":{"@id":"https:\/\/www.carolin-sommer.com\/#\/schema\/person\/30ee9c98eb9f7a5dea6c83ee04f3e849"},"potentialAction":[{"@type":"SearchAction","target":{"@type":"EntryPoint","urlTemplate":"https:\/\/www.carolin-sommer.com\/?s={search_term_string}"},"query-input":{"@type":"PropertyValueSpecification","valueRequired":true,"valueName":"search_term_string"}}],"inLanguage":"de"},{"@type":["Person","Organization"],"@id":"https:\/\/www.carolin-sommer.com\/#\/schema\/person\/30ee9c98eb9f7a5dea6c83ee04f3e849","name":"Carolin Sommer","image":{"@type":"ImageObject","inLanguage":"de","@id":"https:\/\/www.carolin-sommer.com\/wp-content\/uploads\/2020\/09\/Foto-am-01.09.20-um-14.48-3.jpg","url":"https:\/\/www.carolin-sommer.com\/wp-content\/uploads\/2020\/09\/Foto-am-01.09.20-um-14.48-3.jpg","contentUrl":"https:\/\/www.carolin-sommer.com\/wp-content\/uploads\/2020\/09\/Foto-am-01.09.20-um-14.48-3.jpg","width":1080,"height":720,"caption":"Carolin Sommer"},"logo":{"@id":"https:\/\/www.carolin-sommer.com\/wp-content\/uploads\/2020\/09\/Foto-am-01.09.20-um-14.48-3.jpg"},"sameAs":["https:\/\/www.carolin-sommer.com\/","https:\/\/www.facebook.com\/CarolinSommerAkademieCoaching","https:\/\/www.instagram.com\/carolin_sommer_\/?hl=de","https:\/\/www.youtube.com\/channel\/UCP_Wv_TzxjhdpC-0NoDmJ1A"],"url":"https:\/\/www.carolin-sommer.com\/?author=1"}]}},"_links":{"self":[{"href":"https:\/\/www.carolin-sommer.com\/index.php?rest_route=\/wp\/v2\/posts\/4153","targetHints":{"allow":["GET"]}}],"collection":[{"href":"https:\/\/www.carolin-sommer.com\/index.php?rest_route=\/wp\/v2\/posts"}],"about":[{"href":"https:\/\/www.carolin-sommer.com\/index.php?rest_route=\/wp\/v2\/types\/post"}],"author":[{"embeddable":true,"href":"https:\/\/www.carolin-sommer.com\/index.php?rest_route=\/wp\/v2\/users\/1"}],"replies":[{"embeddable":true,"href":"https:\/\/www.carolin-sommer.com\/index.php?rest_route=%2Fwp%2Fv2%2Fcomments&post=4153"}],"version-history":[{"count":5,"href":"https:\/\/www.carolin-sommer.com\/index.php?rest_route=\/wp\/v2\/posts\/4153\/revisions"}],"predecessor-version":[{"id":4196,"href":"https:\/\/www.carolin-sommer.com\/index.php?rest_route=\/wp\/v2\/posts\/4153\/revisions\/4196"}],"wp:attachment":[{"href":"https:\/\/www.carolin-sommer.com\/index.php?rest_route=%2Fwp%2Fv2%2Fmedia&parent=4153"}],"wp:term":[{"taxonomy":"category","embeddable":true,"href":"https:\/\/www.carolin-sommer.com\/index.php?rest_route=%2Fwp%2Fv2%2Fcategories&post=4153"},{"taxonomy":"post_tag","embeddable":true,"href":"https:\/\/www.carolin-sommer.com\/index.php?rest_route=%2Fwp%2Fv2%2Ftags&post=4153"}],"curies":[{"name":"wp","href":"https:\/\/api.w.org\/{rel}","templated":true}]}}