{"id":800,"date":"2023-03-10T18:10:41","date_gmt":"2023-03-10T17:10:41","guid":{"rendered":"https:\/\/www.carolin-sommer.com\/?p=800"},"modified":"2025-09-22T23:16:43","modified_gmt":"2025-09-22T21:16:43","slug":"wozu-ich-geboren-wurde","status":"publish","type":"post","link":"https:\/\/www.carolin-sommer.com\/?p=800","title":{"rendered":"Wozu ich geboren wurde"},"content":{"rendered":"\n<p><strong>Menschen. Ihre Lebenswege. Ihre Mission.<\/strong><\/p>\n\n\n\n<p><strong>Wozu du geboren wurdest? Hast du dich das mal gefragt? Was f\u00e4ngst du mit deinem Leben an? Hast du eine Antwort darauf?<\/strong><\/p>\n\n\n\n<p>Diese Frage wurde mir im Februar 2018 gestellt. <strong>Mit meiner Antwort darauf durfte ich als Autorin an dem Buch mitwirken<\/strong>, welches von Michael Hillmann (<a href=\"https:\/\/michael-hillmann.com\/\">www.michael-hillmann.com<\/a>) zusammen mit dem Verlag Druckerei Schiemenz aufgelegt wurde. <strong>\u00dcber 40 Autoren aus Deutschland, \u00d6sterreich und Schweiz<\/strong> haben sich dieser Frage in dem Buch gestellt und erz\u00e4hlen Ihre Lebensgeschichte. Ihre Mission.<\/p>\n\n\n\n<!--more-->\n\n\n\n<p>Hier nur einige der Autoren\/innen:<\/p>\n\n\n\n<ul class=\"wp-block-list\"><li>der fr\u00fchere Gesch\u00e4ftsf\u00fchrer des Fu\u00dfballlandesverbandes Brandenburg und jetzige Personal- und Business-Coach&nbsp;<strong>Michael Hillmann<\/strong><\/li><li>die langj\u00e4hrige MDR-Fernsehjournalistin und jetzigen Yogalehrerin&nbsp;<strong>Katrin Hu\u00df<\/strong><\/li><li>die fr\u00fchere Polizeikommissarin und heutige Inhaberin der Agentur SOS Stalking&nbsp;<strong>Sandra Cegla<\/strong><\/li><li>der fr\u00fchere FIFA-Schiedsrichter&nbsp;<strong>Urs Meier<\/strong><\/li><li>der Buchautor und Naturphotograph&nbsp;<strong>Conrad Amber<\/strong><\/li><li>die S\u00e4ngerin&nbsp;<strong>Sabrina Sauder<\/strong><\/li><li>die Schauspielerin&nbsp;<strong>Elisabeth Kanettis<\/strong><\/li><li>die TV-Moderatorin&nbsp;<strong>Miriam Deforth<\/strong><\/li><li>der Bestsellerautor und Bewusstseinsforscher&nbsp;<strong>Ruediger Schache<\/strong><\/li><\/ul>\n\n\n\n<p>Jede Einzelne Geschichte inspiriert und regt zum nachdenken an. Die verschiedenen Lebenswege jedes Einzelnen sind spannend und machen Freude beim lesen da alle etwas gemeinsam haben. Alle haben eine Mission. Ein Ziel. Sie wissen wozu sie geboren worden. Lass dich von den Geschichten <strong>inspirieren, motivieren und zum Nachdenken anregen<\/strong>. Vielleicht hast du dich auch schon immer gefragt wozu du geboren wurdest. Und vielleicht findest du deine ganze eigene Antwort auf diese Frage im Buch.<\/p>\n\n\n\n<p><a href=\"https:\/\/amzn.to\/3a2iYif\" target=\"_blank\" rel=\"noreferrer noopener\" aria-label=\"Das Taschenbuch findest du mit diesem Link auf Amazon. (\u00f6ffnet in neuem Tab)\">Das Taschenbuch findest du mit diesem Link auf Amazon.<\/a><\/p>\n","protected":false},"excerpt":{"rendered":"<p>Menschen. Ihre Lebenswege. Ihre Mission. Wozu du geboren wurdest? Hast du dich das mal gefragt? Was f\u00e4ngst du mit deinem Leben an? Hast du eine Antwort darauf? Diese Frage wurde mir im Februar 2018 gestellt. Mit meiner Antwort darauf durfte ich als Autorin an dem Buch mitwirken, welches von Michael Hillmann (www.michael-hillmann.com) zusammen mit dem Verlag Druckerei Schiemenz aufgelegt wurde. \u00dcber 40 Autoren aus Deutschland, \u00d6sterreich und Schweiz haben sich dieser Frage in dem Buch gestellt und erz\u00e4hlen Ihre Lebensgeschichte. Ihre Mission.<\/p>\n","protected":false},"author":1,"featured_media":0,"comment_status":"closed","ping_status":"open","sticky":false,"template":"","format":"standard","meta":{"_monsterinsights_skip_tracking":false,"_monsterinsights_sitenote_active":false,"_monsterinsights_sitenote_note":"","_monsterinsights_sitenote_category":0,"footnotes":""},"categories":[18,1],"tags":[28],"class_list":["post-800","post","type-post","status-publish","format-standard","hentry","category-bibliothek","category-blog","tag-buchempfehlung"],"yoast_head":"<!-- This site is optimized with the Yoast SEO plugin v27.5 - https:\/\/yoast.com\/product\/yoast-seo-wordpress\/ -->\n<title>Wozu ich geboren wurde - Carolin Sommer<\/title>\n<meta name=\"robots\" content=\"index, follow, max-snippet:-1, max-image-preview:large, max-video-preview:-1\" \/>\n<link rel=\"canonical\" href=\"https:\/\/www.carolin-sommer.com\/?p=800\" \/>\n<meta property=\"og:locale\" content=\"de_DE\" \/>\n<meta property=\"og:type\" content=\"article\" \/>\n<meta property=\"og:title\" content=\"Wozu ich geboren wurde - Carolin Sommer\" \/>\n<meta property=\"og:description\" content=\"Menschen. Ihre Lebenswege. Ihre Mission. Wozu du geboren wurdest? Hast du dich das mal gefragt? Was f\u00e4ngst du mit deinem Leben an? Hast du eine Antwort darauf? Diese Frage wurde mir im Februar 2018 gestellt. Mit meiner Antwort darauf durfte ich als Autorin an dem Buch mitwirken, welches von Michael Hillmann (www.michael-hillmann.com) zusammen mit dem Verlag Druckerei Schiemenz aufgelegt wurde. \u00dcber 40 Autoren aus Deutschland, \u00d6sterreich und Schweiz haben sich dieser Frage in dem Buch gestellt und erz\u00e4hlen Ihre Lebensgeschichte. Ihre Mission.\" \/>\n<meta property=\"og:url\" content=\"https:\/\/www.carolin-sommer.com\/?p=800\" \/>\n<meta property=\"og:site_name\" content=\"Carolin Sommer\" \/>\n<meta property=\"article:publisher\" content=\"https:\/\/www.facebook.com\/CarolinSommerAkademieCoaching\" \/>\n<meta property=\"article:author\" content=\"https:\/\/www.facebook.com\/CarolinSommerAkademieCoaching\" \/>\n<meta property=\"article:published_time\" content=\"2023-03-10T17:10:41+00:00\" \/>\n<meta property=\"article:modified_time\" content=\"2025-09-22T21:16:43+00:00\" \/>\n<meta name=\"author\" content=\"Carolin Sommer\" \/>\n<meta name=\"twitter:card\" content=\"summary_large_image\" \/>\n<meta name=\"twitter:label1\" content=\"Verfasst von\" \/>\n\t<meta name=\"twitter:data1\" content=\"Carolin Sommer\" \/>\n\t<meta name=\"twitter:label2\" content=\"Gesch\u00e4tzte Lesezeit\" \/>\n\t<meta name=\"twitter:data2\" content=\"1\u00a0Minute\" \/>\n<script type=\"application\/ld+json\" class=\"yoast-schema-graph\">{\"@context\":\"https:\\\/\\\/schema.org\",\"@graph\":[{\"@type\":\"Article\",\"@id\":\"https:\\\/\\\/www.carolin-sommer.com\\\/?p=800#article\",\"isPartOf\":{\"@id\":\"https:\\\/\\\/www.carolin-sommer.com\\\/?p=800\"},\"author\":{\"name\":\"Carolin Sommer\",\"@id\":\"https:\\\/\\\/www.carolin-sommer.com\\\/#\\\/schema\\\/person\\\/30ee9c98eb9f7a5dea6c83ee04f3e849\"},\"headline\":\"Wozu ich geboren wurde\",\"datePublished\":\"2023-03-10T17:10:41+00:00\",\"dateModified\":\"2025-09-22T21:16:43+00:00\",\"mainEntityOfPage\":{\"@id\":\"https:\\\/\\\/www.carolin-sommer.com\\\/?p=800\"},\"wordCount\":256,\"publisher\":{\"@id\":\"https:\\\/\\\/www.carolin-sommer.com\\\/#\\\/schema\\\/person\\\/30ee9c98eb9f7a5dea6c83ee04f3e849\"},\"keywords\":[\"Buchempfehlung\"],\"articleSection\":[\"Bibliothek\",\"Blog\"],\"inLanguage\":\"de\"},{\"@type\":\"WebPage\",\"@id\":\"https:\\\/\\\/www.carolin-sommer.com\\\/?p=800\",\"url\":\"https:\\\/\\\/www.carolin-sommer.com\\\/?p=800\",\"name\":\"Wozu ich geboren wurde - Carolin Sommer\",\"isPartOf\":{\"@id\":\"https:\\\/\\\/www.carolin-sommer.com\\\/#website\"},\"datePublished\":\"2023-03-10T17:10:41+00:00\",\"dateModified\":\"2025-09-22T21:16:43+00:00\",\"breadcrumb\":{\"@id\":\"https:\\\/\\\/www.carolin-sommer.com\\\/?p=800#breadcrumb\"},\"inLanguage\":\"de\",\"potentialAction\":[{\"@type\":\"ReadAction\",\"target\":[\"https:\\\/\\\/www.carolin-sommer.com\\\/?p=800\"]}]},{\"@type\":\"BreadcrumbList\",\"@id\":\"https:\\\/\\\/www.carolin-sommer.com\\\/?p=800#breadcrumb\",\"itemListElement\":[{\"@type\":\"ListItem\",\"position\":1,\"name\":\"Startseite\",\"item\":\"https:\\\/\\\/www.carolin-sommer.com\\\/\"},{\"@type\":\"ListItem\",\"position\":2,\"name\":\"Wozu ich geboren wurde\"}]},{\"@type\":\"WebSite\",\"@id\":\"https:\\\/\\\/www.carolin-sommer.com\\\/#website\",\"url\":\"https:\\\/\\\/www.carolin-sommer.com\\\/\",\"name\":\"Carolin Sommer\",\"description\":\"Spiritualit\u00e4t, die ins Jetzt passt.\",\"publisher\":{\"@id\":\"https:\\\/\\\/www.carolin-sommer.com\\\/#\\\/schema\\\/person\\\/30ee9c98eb9f7a5dea6c83ee04f3e849\"},\"potentialAction\":[{\"@type\":\"SearchAction\",\"target\":{\"@type\":\"EntryPoint\",\"urlTemplate\":\"https:\\\/\\\/www.carolin-sommer.com\\\/?s={search_term_string}\"},\"query-input\":{\"@type\":\"PropertyValueSpecification\",\"valueRequired\":true,\"valueName\":\"search_term_string\"}}],\"inLanguage\":\"de\"},{\"@type\":[\"Person\",\"Organization\"],\"@id\":\"https:\\\/\\\/www.carolin-sommer.com\\\/#\\\/schema\\\/person\\\/30ee9c98eb9f7a5dea6c83ee04f3e849\",\"name\":\"Carolin Sommer\",\"image\":{\"@type\":\"ImageObject\",\"inLanguage\":\"de\",\"@id\":\"https:\\\/\\\/www.carolin-sommer.com\\\/wp-content\\\/uploads\\\/2020\\\/09\\\/Foto-am-01.09.20-um-14.48-3.jpg\",\"url\":\"https:\\\/\\\/www.carolin-sommer.com\\\/wp-content\\\/uploads\\\/2020\\\/09\\\/Foto-am-01.09.20-um-14.48-3.jpg\",\"contentUrl\":\"https:\\\/\\\/www.carolin-sommer.com\\\/wp-content\\\/uploads\\\/2020\\\/09\\\/Foto-am-01.09.20-um-14.48-3.jpg\",\"width\":1080,\"height\":720,\"caption\":\"Carolin Sommer\"},\"logo\":{\"@id\":\"https:\\\/\\\/www.carolin-sommer.com\\\/wp-content\\\/uploads\\\/2020\\\/09\\\/Foto-am-01.09.20-um-14.48-3.jpg\"},\"sameAs\":[\"https:\\\/\\\/www.carolin-sommer.com\\\/\",\"https:\\\/\\\/www.facebook.com\\\/CarolinSommerAkademieCoaching\",\"https:\\\/\\\/www.instagram.com\\\/carolin_sommer_\\\/?hl=de\",\"https:\\\/\\\/www.youtube.com\\\/channel\\\/UCP_Wv_TzxjhdpC-0NoDmJ1A\"],\"url\":\"https:\\\/\\\/www.carolin-sommer.com\\\/?author=1\"}]}<\/script>\n<!-- \/ Yoast SEO plugin. -->","yoast_head_json":{"title":"Wozu ich geboren wurde - Carolin Sommer","robots":{"index":"index","follow":"follow","max-snippet":"max-snippet:-1","max-image-preview":"max-image-preview:large","max-video-preview":"max-video-preview:-1"},"canonical":"https:\/\/www.carolin-sommer.com\/?p=800","og_locale":"de_DE","og_type":"article","og_title":"Wozu ich geboren wurde - Carolin Sommer","og_description":"Menschen. Ihre Lebenswege. Ihre Mission. Wozu du geboren wurdest? Hast du dich das mal gefragt? Was f\u00e4ngst du mit deinem Leben an? Hast du eine Antwort darauf? Diese Frage wurde mir im Februar 2018 gestellt. Mit meiner Antwort darauf durfte ich als Autorin an dem Buch mitwirken, welches von Michael Hillmann (www.michael-hillmann.com) zusammen mit dem Verlag Druckerei Schiemenz aufgelegt wurde. \u00dcber 40 Autoren aus Deutschland, \u00d6sterreich und Schweiz haben sich dieser Frage in dem Buch gestellt und erz\u00e4hlen Ihre Lebensgeschichte. Ihre Mission.","og_url":"https:\/\/www.carolin-sommer.com\/?p=800","og_site_name":"Carolin Sommer","article_publisher":"https:\/\/www.facebook.com\/CarolinSommerAkademieCoaching","article_author":"https:\/\/www.facebook.com\/CarolinSommerAkademieCoaching","article_published_time":"2023-03-10T17:10:41+00:00","article_modified_time":"2025-09-22T21:16:43+00:00","author":"Carolin Sommer","twitter_card":"summary_large_image","twitter_misc":{"Verfasst von":"Carolin Sommer","Gesch\u00e4tzte Lesezeit":"1\u00a0Minute"},"schema":{"@context":"https:\/\/schema.org","@graph":[{"@type":"Article","@id":"https:\/\/www.carolin-sommer.com\/?p=800#article","isPartOf":{"@id":"https:\/\/www.carolin-sommer.com\/?p=800"},"author":{"name":"Carolin Sommer","@id":"https:\/\/www.carolin-sommer.com\/#\/schema\/person\/30ee9c98eb9f7a5dea6c83ee04f3e849"},"headline":"Wozu ich geboren wurde","datePublished":"2023-03-10T17:10:41+00:00","dateModified":"2025-09-22T21:16:43+00:00","mainEntityOfPage":{"@id":"https:\/\/www.carolin-sommer.com\/?p=800"},"wordCount":256,"publisher":{"@id":"https:\/\/www.carolin-sommer.com\/#\/schema\/person\/30ee9c98eb9f7a5dea6c83ee04f3e849"},"keywords":["Buchempfehlung"],"articleSection":["Bibliothek","Blog"],"inLanguage":"de"},{"@type":"WebPage","@id":"https:\/\/www.carolin-sommer.com\/?p=800","url":"https:\/\/www.carolin-sommer.com\/?p=800","name":"Wozu ich geboren wurde - Carolin Sommer","isPartOf":{"@id":"https:\/\/www.carolin-sommer.com\/#website"},"datePublished":"2023-03-10T17:10:41+00:00","dateModified":"2025-09-22T21:16:43+00:00","breadcrumb":{"@id":"https:\/\/www.carolin-sommer.com\/?p=800#breadcrumb"},"inLanguage":"de","potentialAction":[{"@type":"ReadAction","target":["https:\/\/www.carolin-sommer.com\/?p=800"]}]},{"@type":"BreadcrumbList","@id":"https:\/\/www.carolin-sommer.com\/?p=800#breadcrumb","itemListElement":[{"@type":"ListItem","position":1,"name":"Startseite","item":"https:\/\/www.carolin-sommer.com\/"},{"@type":"ListItem","position":2,"name":"Wozu ich geboren wurde"}]},{"@type":"WebSite","@id":"https:\/\/www.carolin-sommer.com\/#website","url":"https:\/\/www.carolin-sommer.com\/","name":"Carolin Sommer","description":"Spiritualit\u00e4t, die ins Jetzt passt.","publisher":{"@id":"https:\/\/www.carolin-sommer.com\/#\/schema\/person\/30ee9c98eb9f7a5dea6c83ee04f3e849"},"potentialAction":[{"@type":"SearchAction","target":{"@type":"EntryPoint","urlTemplate":"https:\/\/www.carolin-sommer.com\/?s={search_term_string}"},"query-input":{"@type":"PropertyValueSpecification","valueRequired":true,"valueName":"search_term_string"}}],"inLanguage":"de"},{"@type":["Person","Organization"],"@id":"https:\/\/www.carolin-sommer.com\/#\/schema\/person\/30ee9c98eb9f7a5dea6c83ee04f3e849","name":"Carolin Sommer","image":{"@type":"ImageObject","inLanguage":"de","@id":"https:\/\/www.carolin-sommer.com\/wp-content\/uploads\/2020\/09\/Foto-am-01.09.20-um-14.48-3.jpg","url":"https:\/\/www.carolin-sommer.com\/wp-content\/uploads\/2020\/09\/Foto-am-01.09.20-um-14.48-3.jpg","contentUrl":"https:\/\/www.carolin-sommer.com\/wp-content\/uploads\/2020\/09\/Foto-am-01.09.20-um-14.48-3.jpg","width":1080,"height":720,"caption":"Carolin Sommer"},"logo":{"@id":"https:\/\/www.carolin-sommer.com\/wp-content\/uploads\/2020\/09\/Foto-am-01.09.20-um-14.48-3.jpg"},"sameAs":["https:\/\/www.carolin-sommer.com\/","https:\/\/www.facebook.com\/CarolinSommerAkademieCoaching","https:\/\/www.instagram.com\/carolin_sommer_\/?hl=de","https:\/\/www.youtube.com\/channel\/UCP_Wv_TzxjhdpC-0NoDmJ1A"],"url":"https:\/\/www.carolin-sommer.com\/?author=1"}]}},"_links":{"self":[{"href":"https:\/\/www.carolin-sommer.com\/index.php?rest_route=\/wp\/v2\/posts\/800","targetHints":{"allow":["GET"]}}],"collection":[{"href":"https:\/\/www.carolin-sommer.com\/index.php?rest_route=\/wp\/v2\/posts"}],"about":[{"href":"https:\/\/www.carolin-sommer.com\/index.php?rest_route=\/wp\/v2\/types\/post"}],"author":[{"embeddable":true,"href":"https:\/\/www.carolin-sommer.com\/index.php?rest_route=\/wp\/v2\/users\/1"}],"replies":[{"embeddable":true,"href":"https:\/\/www.carolin-sommer.com\/index.php?rest_route=%2Fwp%2Fv2%2Fcomments&post=800"}],"version-history":[{"count":2,"href":"https:\/\/www.carolin-sommer.com\/index.php?rest_route=\/wp\/v2\/posts\/800\/revisions"}],"predecessor-version":[{"id":804,"href":"https:\/\/www.carolin-sommer.com\/index.php?rest_route=\/wp\/v2\/posts\/800\/revisions\/804"}],"wp:attachment":[{"href":"https:\/\/www.carolin-sommer.com\/index.php?rest_route=%2Fwp%2Fv2%2Fmedia&parent=800"}],"wp:term":[{"taxonomy":"category","embeddable":true,"href":"https:\/\/www.carolin-sommer.com\/index.php?rest_route=%2Fwp%2Fv2%2Fcategories&post=800"},{"taxonomy":"post_tag","embeddable":true,"href":"https:\/\/www.carolin-sommer.com\/index.php?rest_route=%2Fwp%2Fv2%2Ftags&post=800"}],"curies":[{"name":"wp","href":"https:\/\/api.w.org\/{rel}","templated":true}]}}